{"id":483,"date":"2021-03-20T21:14:36","date_gmt":"2021-03-20T20:14:36","guid":{"rendered":"https:\/\/documentation-centre.org\/?p=483"},"modified":"2021-03-20T21:14:36","modified_gmt":"2021-03-20T20:14:36","slug":"pink-loom-on-the-moon","status":"publish","type":"post","link":"https:\/\/mehrin.cz\/en\/2021\/03\/20\/pink-loom-on-the-moon\/","title":{"rendered":"Pink &amp; Loom on the Moon"},"content":{"rendered":"<p>Martin Reiner, Director of the Foundation, met in Prague with Karel Poup\u011bt and Radovan S\u00edbrt, who (together with Al\u017ebieta Kar\u00e1skov\u00e1) form the production group <a href=\"http:\/\/www.bypink.cz\/\" target=\"_blank\" rel=\"noopener\">Pink<\/a>, and in twelve years of existence they have had many great audiovisual expositions.<\/p>\n<p>The latest is one of the largest multimedia installations in the world (110 metres of continuous projection) <a href=\"https:\/\/youtu.be\/eTNtycwj3ao\" target=\"_blank\" rel=\"noopener\">Moments of History<\/a> at the National Museum. They collaborated with the studio <a href=\"http:\/\/www.loomonthemoon.com\/\" target=\"_blank\" rel=\"noopener\">Loom on the moon<\/a> Martin and Lenka Hejl - and the great news is that they are ready to participate in the museum exhibition of the Holocaust Documentation Centre in Moravia.<\/p>\n<p>We couldn't have gotten anyone better in the Czech Republic to work with, and although all the hard work is still ahead of us, we are looking forward with great optimism and joy and we are looking forward to it!<\/p>\n<p><img fetchpriority=\"high\" decoding=\"async\" class=\"alignnone size-medium wp-image-482\" src=\"https:\/\/mehrin.cz\/wp-content\/uploads\/2021\/03\/muzi-v-cenem-300x225.jpg\" alt=\"\" width=\"300\" height=\"225\" \/><\/p>","protected":false},"excerpt":{"rendered":"<p>\u0158editel Nada\u010dn\u00edho fondu Martin Reiner se v Praze setkal s Karlem Poup\u011btem a Radovanem S\u00edbrtem, kte\u0159\u00ed tvo\u0159\u00ed (spolu s Al\u017eb\u011btou Kar\u00e1skovou) produk\u010dn\u00ed skupinu Pink, a za dvan\u00e1ct let existence maj\u00ed za sebou \u0159adu skv\u011bl\u00fdch audiovizu\u00e1ln\u00edch expozic. Posledn\u00ed z nich je jedna z nejv\u011bt\u0161\u00edch multimedi\u00e1ln\u00edch instalac\u00ed na sv\u011bt\u011b (110 metr\u016f spojit\u00e9 projekce) Momenty d\u011bjin v N\u00e1rodn\u00edm [&hellip;]<\/p>\n","protected":false},"author":1,"featured_media":482,"comment_status":"closed","ping_status":"closed","sticky":false,"template":"","format":"standard","meta":{"footnotes":""},"categories":[1],"tags":[],"class_list":["post-483","post","type-post","status-publish","format-standard","has-post-thumbnail","hentry","category-nezarazene"],"_links":{"self":[{"href":"https:\/\/mehrin.cz\/en\/wp-json\/wp\/v2\/posts\/483","targetHints":{"allow":["GET"]}}],"collection":[{"href":"https:\/\/mehrin.cz\/en\/wp-json\/wp\/v2\/posts"}],"about":[{"href":"https:\/\/mehrin.cz\/en\/wp-json\/wp\/v2\/types\/post"}],"author":[{"embeddable":true,"href":"https:\/\/mehrin.cz\/en\/wp-json\/wp\/v2\/users\/1"}],"replies":[{"embeddable":true,"href":"https:\/\/mehrin.cz\/en\/wp-json\/wp\/v2\/comments?post=483"}],"version-history":[{"count":0,"href":"https:\/\/mehrin.cz\/en\/wp-json\/wp\/v2\/posts\/483\/revisions"}],"wp:featuredmedia":[{"embeddable":true,"href":"https:\/\/mehrin.cz\/en\/wp-json\/wp\/v2\/media\/482"}],"wp:attachment":[{"href":"https:\/\/mehrin.cz\/en\/wp-json\/wp\/v2\/media?parent=483"}],"wp:term":[{"taxonomy":"category","embeddable":true,"href":"https:\/\/mehrin.cz\/en\/wp-json\/wp\/v2\/categories?post=483"},{"taxonomy":"post_tag","embeddable":true,"href":"https:\/\/mehrin.cz\/en\/wp-json\/wp\/v2\/tags?post=483"}],"curies":[{"name":"wp","href":"https:\/\/api.w.org\/{rel}","templated":true}]}}