{"id":1206,"date":"2023-04-25T21:57:35","date_gmt":"2023-04-25T19:57:35","guid":{"rendered":"https:\/\/mehrin.cz\/?p=1206"},"modified":"2023-04-25T21:57:35","modified_gmt":"2023-04-25T19:57:35","slug":"kniha-mehrin","status":"publish","type":"post","link":"https:\/\/mehrin.cz\/en\/2023\/04\/25\/kniha-mehrin\/","title":{"rendered":"BOOK OF MEHRIN"},"content":{"rendered":"<p>Since the beginning of the project, we have published several brochures highlighting what has happened in the project. We were about to do this again in the summer of 2022 when we realised that the project had gradually gathered such a pace that the usual 16 pages would not be enough. And so, in a rather sumptuously produced publication of one hundred and thirty pages, we mapped out in detail everything that had happened in the project over four years. A bonus is a lot of photographs and an attractive graphic design by Jana Vahal\u00edkov\u00e1.<\/p>\n<p>The book is available for only 100 CZK at V\u00edde\u0148sk\u00e1 14 in the premises of the temporary museum Mal\u00fd Mehrin or at the Information Centre of the Brno TIC at Panensk\u00e1 1.<\/p>\n<p><img fetchpriority=\"high\" decoding=\"async\" class=\"alignnone size-medium wp-image-1207\" src=\"https:\/\/mehrin.web-lab.cz\/wp-content\/uploads\/2023\/04\/334098537-738445177722438-741441614191559666-n-225x300.jpg\" alt=\"\" width=\"225\" height=\"300\" srcset=\"https:\/\/mehrin.cz\/wp-content\/uploads\/2023\/04\/334098537-738445177722438-741441614191559666-n-225x300.jpg 225w, https:\/\/mehrin.cz\/wp-content\/uploads\/2023\/04\/334098537-738445177722438-741441614191559666-n-600x800.jpg 600w, https:\/\/mehrin.cz\/wp-content\/uploads\/2023\/04\/334098537-738445177722438-741441614191559666-n-768x1024.jpg 768w, https:\/\/mehrin.cz\/wp-content\/uploads\/2023\/04\/334098537-738445177722438-741441614191559666-n-1152x1536.jpg 1152w, https:\/\/mehrin.cz\/wp-content\/uploads\/2023\/04\/334098537-738445177722438-741441614191559666-n-9x12.jpg 9w, https:\/\/mehrin.cz\/wp-content\/uploads\/2023\/04\/334098537-738445177722438-741441614191559666-n.jpg 1536w\" sizes=\"(max-width: 225px) 100vw, 225px\" \/><\/p>","protected":false},"excerpt":{"rendered":"<p>Od po\u010d\u00e1tku projektu jsme vydali n\u011bkolik bro\u017eur, kter\u00e9 upozor\u0148ovaly na to, co nov\u00e9ho se v\u00a0projektu ud\u00e1lo. K\u00a0tomu jsme se chystali i v\u00a0l\u00e9t\u011b 2022, kdy\u017e n\u00e1m do\u0161lo, \u017ee projekt postupn\u011b nabral takov\u00e9 tempo, \u017ee obvykl\u00fdch 16 str\u00e1nek nebude sta\u010dit. A tak jsme v\u00a0dosti luxusn\u011b vypraven\u00e9 publikaci na sto t\u0159iceti stran\u00e1ch podrobn\u011b zmapovali v\u0161echno, co se v\u00a0projektu [&hellip;]<\/p>\n","protected":false},"author":1,"featured_media":1207,"comment_status":"closed","ping_status":"closed","sticky":false,"template":"","format":"standard","meta":{"footnotes":""},"categories":[1],"tags":[],"class_list":["post-1206","post","type-post","status-publish","format-standard","has-post-thumbnail","hentry","category-nezarazene"],"_links":{"self":[{"href":"https:\/\/mehrin.cz\/en\/wp-json\/wp\/v2\/posts\/1206","targetHints":{"allow":["GET"]}}],"collection":[{"href":"https:\/\/mehrin.cz\/en\/wp-json\/wp\/v2\/posts"}],"about":[{"href":"https:\/\/mehrin.cz\/en\/wp-json\/wp\/v2\/types\/post"}],"author":[{"embeddable":true,"href":"https:\/\/mehrin.cz\/en\/wp-json\/wp\/v2\/users\/1"}],"replies":[{"embeddable":true,"href":"https:\/\/mehrin.cz\/en\/wp-json\/wp\/v2\/comments?post=1206"}],"version-history":[{"count":0,"href":"https:\/\/mehrin.cz\/en\/wp-json\/wp\/v2\/posts\/1206\/revisions"}],"wp:featuredmedia":[{"embeddable":true,"href":"https:\/\/mehrin.cz\/en\/wp-json\/wp\/v2\/media\/1207"}],"wp:attachment":[{"href":"https:\/\/mehrin.cz\/en\/wp-json\/wp\/v2\/media?parent=1206"}],"wp:term":[{"taxonomy":"category","embeddable":true,"href":"https:\/\/mehrin.cz\/en\/wp-json\/wp\/v2\/categories?post=1206"},{"taxonomy":"post_tag","embeddable":true,"href":"https:\/\/mehrin.cz\/en\/wp-json\/wp\/v2\/tags?post=1206"}],"curies":[{"name":"wp","href":"https:\/\/api.w.org\/{rel}","templated":true}]}}