{"id":1203,"date":"2023-04-25T21:54:17","date_gmt":"2023-04-25T19:54:17","guid":{"rendered":"https:\/\/mehrin.cz\/?p=1203"},"modified":"2023-04-25T21:54:17","modified_gmt":"2023-04-25T19:54:17","slug":"maly-mehrin","status":"publish","type":"post","link":"https:\/\/mehrin.cz\/en\/2023\/04\/25\/maly-mehrin\/","title":{"rendered":"LITTLE MEHRIN"},"content":{"rendered":"<p>The project to build the Moravian Jewish Museum in the form we dreamed of four years ago is progressing well. We have a great design for a new building by the Japanese architect Kengo Kuma, but we don't want to wait until the new building is built and welcomes its first visitors.<\/p>\n<p>That is why we opened the \"temporary\" museum Mal\u00fd Mehrin at V\u00edde\u0148sk\u00e1 14 on 28 February.<\/p>\n<p>The opening ceremony was attended by the Mayor of Brno, Mark\u00e9ta Va\u0148kov\u00e1, but also by playwright Milan Uhde, one of the last survivors of the Holocaust, Karel Ellinger, and of course the author of the first exhibition of our museum, documentary filmmaker Martin \u0160mok.<\/p>\n<p>Just two days later, we welcomed the American writer Kathi Diamant, who wrote a wonderful book about Franz Kafka's last love Dora Diamant, to the Mal\u00fd Mehrin.You can find out more about the Mal\u00fd Mehrin on its own website. <a href=\"http:\/\/www.malymehrin.cz\">www.malymehrin.cz<\/a>.<\/p>\n<p><img fetchpriority=\"high\" decoding=\"async\" class=\"size-medium wp-image-1204 alignleft\" src=\"https:\/\/mehrin.web-lab.cz\/wp-content\/uploads\/2023\/04\/2023-02-28-79360-s7-300x200.jpg\" alt=\"\" width=\"300\" height=\"200\" srcset=\"https:\/\/mehrin.cz\/wp-content\/uploads\/2023\/04\/2023-02-28-79360-s7-300x200.jpg 300w, https:\/\/mehrin.cz\/wp-content\/uploads\/2023\/04\/2023-02-28-79360-s7-600x400.jpg 600w, https:\/\/mehrin.cz\/wp-content\/uploads\/2023\/04\/2023-02-28-79360-s7-1024x683.jpg 1024w, https:\/\/mehrin.cz\/wp-content\/uploads\/2023\/04\/2023-02-28-79360-s7-768x512.jpg 768w, https:\/\/mehrin.cz\/wp-content\/uploads\/2023\/04\/2023-02-28-79360-s7-1536x1025.jpg 1536w, https:\/\/mehrin.cz\/wp-content\/uploads\/2023\/04\/2023-02-28-79360-s7-18x12.jpg 18w, https:\/\/mehrin.cz\/wp-content\/uploads\/2023\/04\/2023-02-28-79360-s7.jpg 2048w\" sizes=\"(max-width: 300px) 100vw, 300px\" \/><\/p>","protected":false},"excerpt":{"rendered":"<p>Projekt zbudov\u00e1n\u00ed Moravsk\u00e9ho \u017eidovsk\u00e9ho muzea v\u00a0podob\u011b, jakou jsme si p\u0159ed \u010dty\u0159mi roky vysnili, zd\u00e1rn\u011b pokra\u010duje. M\u00e1me skv\u011bl\u00fd n\u00e1vrh nov\u00e9 budovy od japonsk\u00e9ho architekta Kengo Kumy, ale nechceme \u010dekat, ne\u017e se nov\u00fd d\u016fm postav\u00ed a p\u0159iv\u00edt\u00e1 prvn\u00ed n\u00e1v\u0161t\u011bvn\u00edky. Proto jsme 28.2. otev\u0159eli \u201eprozat\u00edmn\u00ed\u201c muzeum Mal\u00fd Mehrin na V\u00edde\u0148sk\u00e9 14. Slavnostn\u00edho zah\u00e1jen\u00ed se z\u00fa\u010dastnila brn\u011bnsk\u00e1 prim\u00e1torka Mark\u00e9ta [&hellip;]<\/p>\n","protected":false},"author":1,"featured_media":1204,"comment_status":"closed","ping_status":"closed","sticky":false,"template":"","format":"standard","meta":{"footnotes":""},"categories":[1],"tags":[],"class_list":["post-1203","post","type-post","status-publish","format-standard","has-post-thumbnail","hentry","category-nezarazene"],"_links":{"self":[{"href":"https:\/\/mehrin.cz\/en\/wp-json\/wp\/v2\/posts\/1203","targetHints":{"allow":["GET"]}}],"collection":[{"href":"https:\/\/mehrin.cz\/en\/wp-json\/wp\/v2\/posts"}],"about":[{"href":"https:\/\/mehrin.cz\/en\/wp-json\/wp\/v2\/types\/post"}],"author":[{"embeddable":true,"href":"https:\/\/mehrin.cz\/en\/wp-json\/wp\/v2\/users\/1"}],"replies":[{"embeddable":true,"href":"https:\/\/mehrin.cz\/en\/wp-json\/wp\/v2\/comments?post=1203"}],"version-history":[{"count":0,"href":"https:\/\/mehrin.cz\/en\/wp-json\/wp\/v2\/posts\/1203\/revisions"}],"wp:featuredmedia":[{"embeddable":true,"href":"https:\/\/mehrin.cz\/en\/wp-json\/wp\/v2\/media\/1204"}],"wp:attachment":[{"href":"https:\/\/mehrin.cz\/en\/wp-json\/wp\/v2\/media?parent=1203"}],"wp:term":[{"taxonomy":"category","embeddable":true,"href":"https:\/\/mehrin.cz\/en\/wp-json\/wp\/v2\/categories?post=1203"},{"taxonomy":"post_tag","embeddable":true,"href":"https:\/\/mehrin.cz\/en\/wp-json\/wp\/v2\/tags?post=1203"}],"curies":[{"name":"wp","href":"https:\/\/api.w.org\/{rel}","templated":true}]}}