{"id":602,"date":"2021-06-16T19:19:59","date_gmt":"2021-06-16T17:19:59","guid":{"rendered":"https:\/\/documentation-centre.org\/?p=602"},"modified":"2021-06-16T19:19:59","modified_gmt":"2021-06-16T17:19:59","slug":"podekovani-partnerum-konference","status":"publish","type":"post","link":"https:\/\/mehrin.cz\/de\/2021\/06\/16\/podekovani-partnerum-konference\/","title":{"rendered":"Dank an die Partner der Konferenz"},"content":{"rendered":"<div data-elementor-type=\"wp-post\" data-elementor-id=\"602\" class=\"elementor elementor-602\" data-elementor-settings=\"{&quot;ha_cmc_init_switcher&quot;:&quot;no&quot;}\" data-elementor-post-type=\"post\">\n\t\t\t\t\t\t<section class=\"elementor-section elementor-top-section elementor-element elementor-element-31c5ac76 elementor-section-boxed elementor-section-height-default elementor-section-height-default\" data-id=\"31c5ac76\" data-element_type=\"section\" data-e-type=\"section\" data-settings=\"{&quot;_ha_eqh_enable&quot;:false}\">\n\t\t\t\t\t\t<div class=\"elementor-container elementor-column-gap-default\">\n\t\t\t\t\t<div class=\"elementor-column elementor-col-100 elementor-top-column elementor-element elementor-element-33aae9ed\" data-id=\"33aae9ed\" data-element_type=\"column\" data-e-type=\"column\">\n\t\t\t<div class=\"elementor-widget-wrap elementor-element-populated\">\n\t\t\t\t\t\t<div class=\"elementor-element elementor-element-830855e elementor-widget elementor-widget-text-editor\" data-id=\"830855e\" data-element_type=\"widget\" data-e-type=\"widget\" data-widget_type=\"text-editor.default\">\n\t\t\t\t<div class=\"elementor-widget-container\">\n\t\t\t\t\t\t\t\t\t<p>Die internationale Konferenz, die vom 20. bis 23. Juni stattfindet, hat nicht nur ein gro\u00dfartiges Aufgebot, sondern auch ein insgesamt sehr attraktives Programm. Sie w\u00e4re jedoch nicht m\u00f6glich ohne die finanzielle Unterst\u00fctzung einer Reihe von Institutionen und Einzelpersonen. Wir m\u00f6chten uns bei ihnen mit der Ver\u00f6ffentlichung ihrer Logos bedanken; nicht nur aus H\u00f6flichkeit oder Verpflichtung, sondern mit uneingeschr\u00e4nkter Dankbarkeit. Wir danken Ihnen!<\/p>\t\t\t\t\t\t\t\t<\/div>\n\t\t\t\t<\/div>\n\t\t\t\t<div class=\"elementor-element elementor-element-40ae63ce elementor-widget elementor-widget-text-editor\" data-id=\"40ae63ce\" data-element_type=\"widget\" data-e-type=\"widget\" data-widget_type=\"text-editor.default\">\n\t\t\t\t<div class=\"elementor-widget-container\">\n\t\t\t\t\t\t\t\t\t&nbsp;\n\n&nbsp;\t\t\t\t\t\t\t\t<\/div>\n\t\t\t\t<\/div>\n\t\t\t\t\t<\/div>\n\t\t<\/div>\n\t\t\t\t\t<\/div>\n\t\t<\/section>\n\t\t\t\t<section class=\"elementor-section elementor-top-section elementor-element elementor-element-255aff4 elementor-section-boxed elementor-section-height-default elementor-section-height-default\" data-id=\"255aff4\" data-element_type=\"section\" data-e-type=\"section\" data-settings=\"{&quot;_ha_eqh_enable&quot;:false}\">\n\t\t\t\t\t\t<div class=\"elementor-container elementor-column-gap-default\">\n\t\t\t\t\t<div class=\"elementor-column elementor-col-100 elementor-top-column elementor-element elementor-element-2f2f233\" data-id=\"2f2f233\" data-element_type=\"column\" data-e-type=\"column\">\n\t\t\t<div class=\"elementor-widget-wrap elementor-element-populated\">\n\t\t\t\t\t\t<div class=\"elementor-element elementor-element-2e7cb84 elementor-widget elementor-widget-image\" data-id=\"2e7cb84\" data-element_type=\"widget\" data-e-type=\"widget\" data-widget_type=\"image.default\">\n\t\t\t\t<div class=\"elementor-widget-container\">\n\t\t\t\t\t\t\t\t\t\t\t\t\t\t\t<img decoding=\"async\" src=\"https:\/\/documentation-centre.org\/wp-content\/uploads\/2021\/06\/loga.jpg\" title=\"\" alt=\"\" loading=\"lazy\" \/>\t\t\t\t\t\t\t\t\t\t\t\t\t\t\t<\/div>\n\t\t\t\t<\/div>\n\t\t\t\t\t<\/div>\n\t\t<\/div>\n\t\t\t\t\t<\/div>\n\t\t<\/section>\n\t\t\t\t<\/div>","protected":false},"excerpt":{"rendered":"<p>Mezin\u00e1rodn\u00ed konference, kter\u00e1 se uskute\u010dn\u00ed ve dnech 20.-23. \u010dervna, m\u00e1 nejen skv\u011bl\u00e9 obsazen\u00ed, ale celkov\u011b velmi atraktivn\u00ed program. [\u2026]<\/p>\n","protected":false},"author":1,"featured_media":1135,"comment_status":"closed","ping_status":"closed","sticky":false,"template":"","format":"image","meta":{"footnotes":""},"categories":[1],"tags":[],"class_list":["post-602","post","type-post","status-publish","format-image","has-post-thumbnail","hentry","category-nezarazene","post_format-post-format-image"],"_links":{"self":[{"href":"https:\/\/mehrin.cz\/de\/wp-json\/wp\/v2\/posts\/602","targetHints":{"allow":["GET"]}}],"collection":[{"href":"https:\/\/mehrin.cz\/de\/wp-json\/wp\/v2\/posts"}],"about":[{"href":"https:\/\/mehrin.cz\/de\/wp-json\/wp\/v2\/types\/post"}],"author":[{"embeddable":true,"href":"https:\/\/mehrin.cz\/de\/wp-json\/wp\/v2\/users\/1"}],"replies":[{"embeddable":true,"href":"https:\/\/mehrin.cz\/de\/wp-json\/wp\/v2\/comments?post=602"}],"version-history":[{"count":0,"href":"https:\/\/mehrin.cz\/de\/wp-json\/wp\/v2\/posts\/602\/revisions"}],"wp:featuredmedia":[{"embeddable":true,"href":"https:\/\/mehrin.cz\/de\/wp-json\/wp\/v2\/media\/1135"}],"wp:attachment":[{"href":"https:\/\/mehrin.cz\/de\/wp-json\/wp\/v2\/media?parent=602"}],"wp:term":[{"taxonomy":"category","embeddable":true,"href":"https:\/\/mehrin.cz\/de\/wp-json\/wp\/v2\/categories?post=602"},{"taxonomy":"post_tag","embeddable":true,"href":"https:\/\/mehrin.cz\/de\/wp-json\/wp\/v2\/tags?post=602"}],"curies":[{"name":"wp","href":"https:\/\/api.w.org\/{rel}","templated":true}]}}