{"id":368,"date":"2020-08-18T22:23:18","date_gmt":"2020-08-18T20:23:18","guid":{"rendered":"https:\/\/documentation-centre.org\/?p=368"},"modified":"2020-08-18T22:23:18","modified_gmt":"2020-08-18T20:23:18","slug":"chystame-konferenci-odborniku","status":"publish","type":"post","link":"https:\/\/mehrin.cz\/de\/2020\/08\/18\/chystame-konferenci-odborniku\/","title":{"rendered":"Wir bereiten eine Konferenz von Experten vor"},"content":{"rendered":"<p>Die unmittelbare Aufgabe der Stiftung besteht darin, eine gro\u00dfe internationale Konferenz zu organisieren.<br \/>\nIm Fr\u00fchjahr 2021 sollen in Br\u00fcnn Experten f\u00fcr den Holocaust und die historische Pr\u00e4senz der Juden in M\u00e4hren zusammenkommen und eine Debatte dar\u00fcber er\u00f6ffnen, wie das Museum genau aussehen soll. Wir werden auch die Direktoren (und Direktorinnen!) der j\u00fcdischen Museen in Jerusalem, Berlin, Warschau, Washington und Amsterdam einladen, uns zu erz\u00e4hlen, wie ihre Museen entstanden sind und vor allem, wo sie Fehler gemacht haben, die wir vermeiden wollen.<br \/>\nDer ideale Nebeneffekt einer solchen Konferenz sollte die Bildung eines Teams sein, das sp\u00e4ter direkt an der Umsetzung der Inhalte des Dokumentationszentrums beteiligt sein wird.<\/p>\n<p><a href=\"https:\/\/www.info.cz\/zpravodajstvi\/cesko\/v-brne-vznika-dokumentacni-centrum-holocaustu?fbclid=IwAR3OWnsrIVRO9VItrydmnVe7A3QezKTm7nPFu30DWZl4lgxlVeTipw9nmRA\" target=\"_blank\" rel=\"noopener\">https:\/\/www.info.cz\/zpravodajstvi\/cesko\/v-brne-vznika-dokumentacni-centrum-holocaustu?fbclid=IwAR3OWnsrIVRO9VItrydmnVe7A3QezKTm7nPFu30DWZl4lgxlVeTipw9nmRA<\/a><\/p>\n<p><img fetchpriority=\"high\" decoding=\"async\" class=\"alignnone size-medium wp-image-369\" src=\"https:\/\/mehrin.web-lab.cz\/wp-content\/uploads\/2020\/08\/pexels-ali-arapoglu-2623869-300x199.jpg\" alt=\"\" width=\"300\" height=\"199\" srcset=\"https:\/\/mehrin.cz\/wp-content\/uploads\/2020\/08\/pexels-ali-arapoglu-2623869-300x199.jpg 300w, https:\/\/mehrin.cz\/wp-content\/uploads\/2020\/08\/pexels-ali-arapoglu-2623869-600x397.jpg 600w, https:\/\/mehrin.cz\/wp-content\/uploads\/2020\/08\/pexels-ali-arapoglu-2623869-1024x678.jpg 1024w, https:\/\/mehrin.cz\/wp-content\/uploads\/2020\/08\/pexels-ali-arapoglu-2623869-768x508.jpg 768w, https:\/\/mehrin.cz\/wp-content\/uploads\/2020\/08\/pexels-ali-arapoglu-2623869-1536x1017.jpg 1536w, https:\/\/mehrin.cz\/wp-content\/uploads\/2020\/08\/pexels-ali-arapoglu-2623869-18x12.jpg 18w, https:\/\/mehrin.cz\/wp-content\/uploads\/2020\/08\/pexels-ali-arapoglu-2623869.jpg 1920w\" sizes=\"(max-width: 300px) 100vw, 300px\" \/><\/p>","protected":false},"excerpt":{"rendered":"<p>Nejbli\u017e\u0161\u00edm \u00fakolem Nada\u010dn\u00edho fondu je zorganizov\u00e1n\u00ed velk\u00e9 mezin\u00e1rodn\u00ed konference. Na ja\u0159e 2021 by se m\u011bli do Brna sjet odborn\u00edci na holokaust a historickou p\u0159\u00edtomnost \u017did\u016f na Morav\u011b a otev\u0159\u00edt debatu o tom, jak p\u0159esn\u011b by muzeum m\u011blo vypadat. Pozveme t\u00e9\u017e \u0159editele (a \u0159editelky!) \u017eidovsk\u00fdch muze\u00ed v\u00a0Jeruzal\u00e9m\u011b, Berl\u00edn\u011b, Var\u0161av\u011b, Washingtonu, Amsterdamu, aby n\u00e1m \u0159ekli, jak vznikala [&hellip;]<\/p>\n","protected":false},"author":1,"featured_media":369,"comment_status":"closed","ping_status":"closed","sticky":false,"template":"","format":"standard","meta":{"footnotes":""},"categories":[1],"tags":[],"class_list":["post-368","post","type-post","status-publish","format-standard","has-post-thumbnail","hentry","category-nezarazene"],"_links":{"self":[{"href":"https:\/\/mehrin.cz\/de\/wp-json\/wp\/v2\/posts\/368","targetHints":{"allow":["GET"]}}],"collection":[{"href":"https:\/\/mehrin.cz\/de\/wp-json\/wp\/v2\/posts"}],"about":[{"href":"https:\/\/mehrin.cz\/de\/wp-json\/wp\/v2\/types\/post"}],"author":[{"embeddable":true,"href":"https:\/\/mehrin.cz\/de\/wp-json\/wp\/v2\/users\/1"}],"replies":[{"embeddable":true,"href":"https:\/\/mehrin.cz\/de\/wp-json\/wp\/v2\/comments?post=368"}],"version-history":[{"count":0,"href":"https:\/\/mehrin.cz\/de\/wp-json\/wp\/v2\/posts\/368\/revisions"}],"wp:featuredmedia":[{"embeddable":true,"href":"https:\/\/mehrin.cz\/de\/wp-json\/wp\/v2\/media\/369"}],"wp:attachment":[{"href":"https:\/\/mehrin.cz\/de\/wp-json\/wp\/v2\/media?parent=368"}],"wp:term":[{"taxonomy":"category","embeddable":true,"href":"https:\/\/mehrin.cz\/de\/wp-json\/wp\/v2\/categories?post=368"},{"taxonomy":"post_tag","embeddable":true,"href":"https:\/\/mehrin.cz\/de\/wp-json\/wp\/v2\/tags?post=368"}],"curies":[{"name":"wp","href":"https:\/\/api.w.org\/{rel}","templated":true}]}}