{"id":2382,"date":"2024-12-10T10:09:45","date_gmt":"2024-12-10T09:09:45","guid":{"rendered":"https:\/\/mehrin.cz\/?p=2382"},"modified":"2025-02-28T10:20:03","modified_gmt":"2025-02-28T09:20:03","slug":"martin-c-putna-nove-zpravy-ze-svate-zeme","status":"publish","type":"post","link":"https:\/\/mehrin.cz\/de\/2024\/12\/10\/martin-c-putna-nove-zpravy-ze-svate-zeme\/","title":{"rendered":"Martin C. Putna: Neue Nachrichten aus dem Heiligen Land"},"content":{"rendered":"<div data-elementor-type=\"wp-post\" data-elementor-id=\"2382\" class=\"elementor elementor-2382\" data-elementor-settings=\"{&quot;ha_cmc_init_switcher&quot;:&quot;no&quot;}\" data-elementor-post-type=\"post\">\n\t\t\t\t\t\t<section class=\"elementor-section elementor-top-section elementor-element elementor-element-3db35163 elementor-section-boxed elementor-section-height-default elementor-section-height-default\" data-id=\"3db35163\" data-element_type=\"section\" data-e-type=\"section\" data-settings=\"{&quot;_ha_eqh_enable&quot;:false}\">\n\t\t\t\t\t\t<div class=\"elementor-container elementor-column-gap-default\">\n\t\t\t\t\t<div class=\"elementor-column elementor-col-100 elementor-top-column elementor-element elementor-element-5783636d\" data-id=\"5783636d\" data-element_type=\"column\" data-e-type=\"column\">\n\t\t\t<div class=\"elementor-widget-wrap elementor-element-populated\">\n\t\t\t\t\t\t<div class=\"elementor-element elementor-element-10e4121c elementor-widget elementor-widget-spacer\" data-id=\"10e4121c\" data-element_type=\"widget\" data-e-type=\"widget\" data-widget_type=\"spacer.default\">\n\t\t\t\t<div class=\"elementor-widget-container\">\n\t\t\t\t\t\t\t<div class=\"elementor-spacer\">\n\t\t\t<div class=\"elementor-spacer-inner\"><\/div>\n\t\t<\/div>\n\t\t\t\t\t\t<\/div>\n\t\t\t\t<\/div>\n\t\t\t\t<div class=\"elementor-element elementor-element-54b17974 elementor-widget elementor-widget-heading\" data-id=\"54b17974\" data-element_type=\"widget\" data-e-type=\"widget\" data-widget_type=\"heading.default\">\n\t\t\t\t<div class=\"elementor-widget-container\">\n\t\t\t\t\t<h2 class=\"elementor-heading-title elementor-size-default\">Martin C. Putna: Neue Nachrichten aus dem Heiligen Land<\/h2>\t\t\t\t<\/div>\n\t\t\t\t<\/div>\n\t\t\t\t<div class=\"elementor-element elementor-element-4460dfb elementor-widget elementor-widget-text-editor\" data-id=\"4460dfb\" data-element_type=\"widget\" data-e-type=\"widget\" data-widget_type=\"text-editor.default\">\n\t\t\t\t<div class=\"elementor-widget-container\">\n\t\t\t\t\t\t\t\t\t<p>Mittwoch, 19. Februar um 18 Uhr<\/p>\t\t\t\t\t\t\t\t<\/div>\n\t\t\t\t<\/div>\n\t\t\t\t<section class=\"elementor-section elementor-inner-section elementor-element elementor-element-5be9797b elementor-section-boxed elementor-section-height-default elementor-section-height-default\" data-id=\"5be9797b\" data-element_type=\"section\" data-e-type=\"section\" data-settings=\"{&quot;_ha_eqh_enable&quot;:false}\">\n\t\t\t\t\t\t<div class=\"elementor-container elementor-column-gap-default\">\n\t\t\t\t\t<div class=\"elementor-column elementor-col-50 elementor-inner-column elementor-element elementor-element-439abbf7\" data-id=\"439abbf7\" data-element_type=\"column\" data-e-type=\"column\">\n\t\t\t<div class=\"elementor-widget-wrap elementor-element-populated\">\n\t\t\t\t\t\t<div class=\"elementor-element elementor-element-6a6c25a0 elementor-widget elementor-widget-text-editor\" data-id=\"6a6c25a0\" data-element_type=\"widget\" data-e-type=\"widget\" data-widget_type=\"text-editor.default\">\n\t\t\t\t<div class=\"elementor-widget-container\">\n\t\t\t\t\t\t\t\t\t<p>Professor Martin C. Putna ist nicht nur in Fachkreisen, sondern auch in der breiten \u00d6ffentlichkeit bekannt als \"respektlos gegen\u00fcber Autorit\u00e4ten, von Emotionen zerrissen, voller Energie, aber auch als gelehrter Forscher, der zum Nachdenken anregt\", wie es in der \u00dcberschrift eines Zeitungsartikels hie\u00df. Wir freuen uns, dass er am 19. Februar 2025 der Einladung gefolgt ist und so unseren noch kleinen Raum des Kleinen Mehrin nicht nur mit seinen Reden, sondern vor allem mit dem Publikum, das f\u00fcr die Anzahl der St\u00fchle bei weitem nicht ausreichte und deshalb freiwillig stehen blieb, vollst\u00e4ndig ausf\u00fcllte...<\/p>\t\t\t\t\t\t\t\t<\/div>\n\t\t\t\t<\/div>\n\t\t\t\t\t<\/div>\n\t\t<\/div>\n\t\t\t\t<div class=\"elementor-column elementor-col-50 elementor-inner-column elementor-element elementor-element-3aac8955\" data-id=\"3aac8955\" data-element_type=\"column\" data-e-type=\"column\">\n\t\t\t<div class=\"elementor-widget-wrap elementor-element-populated\">\n\t\t\t\t\t\t<div class=\"elementor-element elementor-element-12461ee7 elementor-widget elementor-widget-image\" data-id=\"12461ee7\" data-element_type=\"widget\" data-e-type=\"widget\" data-widget_type=\"image.default\">\n\t\t\t\t<div class=\"elementor-widget-container\">\n\t\t\t\t\t\t\t\t\t\t\t\t\t\t\t<img fetchpriority=\"high\" decoding=\"async\" width=\"768\" height=\"576\" src=\"https:\/\/mehrin.cz\/wp-content\/uploads\/2025\/02\/Putna-scaled-2-768x576.jpg\" class=\"attachment-medium_large size-medium_large wp-image-2386\" alt=\"\" srcset=\"https:\/\/mehrin.cz\/wp-content\/uploads\/2025\/02\/Putna-scaled-2-768x576.jpg 768w, https:\/\/mehrin.cz\/wp-content\/uploads\/2025\/02\/Putna-scaled-2-300x225.jpg 300w, https:\/\/mehrin.cz\/wp-content\/uploads\/2025\/02\/Putna-scaled-2-1024x768.jpg 1024w, https:\/\/mehrin.cz\/wp-content\/uploads\/2025\/02\/Putna-scaled-2-1536x1152.jpg 1536w, https:\/\/mehrin.cz\/wp-content\/uploads\/2025\/02\/Putna-scaled-2-2048x1536.jpg 2048w, https:\/\/mehrin.cz\/wp-content\/uploads\/2025\/02\/Putna-scaled-2-16x12.jpg 16w\" sizes=\"(max-width: 768px) 100vw, 768px\" \/>\t\t\t\t\t\t\t\t\t\t\t\t\t\t\t<\/div>\n\t\t\t\t<\/div>\n\t\t\t\t\t<\/div>\n\t\t<\/div>\n\t\t\t\t\t<\/div>\n\t\t<\/section>\n\t\t\t\t<div class=\"elementor-element elementor-element-4ac8b121 elementor-widget elementor-widget-spacer\" data-id=\"4ac8b121\" data-element_type=\"widget\" data-e-type=\"widget\" data-widget_type=\"spacer.default\">\n\t\t\t\t<div class=\"elementor-widget-container\">\n\t\t\t\t\t\t\t<div class=\"elementor-spacer\">\n\t\t\t<div class=\"elementor-spacer-inner\"><\/div>\n\t\t<\/div>\n\t\t\t\t\t\t<\/div>\n\t\t\t\t<\/div>\n\t\t\t\t\t<\/div>\n\t\t<\/div>\n\t\t\t\t\t<\/div>\n\t\t<\/section>\n\t\t\t\t<\/div>","protected":false},"excerpt":{"rendered":"<p>Martin C. Putna: Nov\u00e9 zpr\u00e1vy ze Svat\u00e9 zem\u011b st\u0159eda 19. \u00fanora v 18 hodin Profesor Martin C. Putna je zn\u00e1m nejenom odborn\u00e9, ale i \u0161irok\u00e9 ve\u0159ejnosti d\u00edky tomu, \u017ee je \u201eneuctiv\u00fd k\u00a0autorit\u00e1m, zm\u00edtan\u00fd emocemi, pln\u00fd energie, ale i\u00a0erudovan\u00fd badatel, jen\u017e provokuje k\u00a0my\u0161len\u00ed\u201c, jak zn\u011bl titulek jednoho novinov\u00e9ho \u010dl\u00e1nku. Jsme r\u00e1di, \u017ee 19. \u00fanora 2025 p\u0159ijal [&hellip;]<\/p>\n","protected":false},"author":1,"featured_media":2383,"comment_status":"closed","ping_status":"open","sticky":false,"template":"","format":"standard","meta":{"footnotes":""},"categories":[1],"tags":[],"class_list":["post-2382","post","type-post","status-publish","format-standard","has-post-thumbnail","hentry","category-nezarazene"],"_links":{"self":[{"href":"https:\/\/mehrin.cz\/de\/wp-json\/wp\/v2\/posts\/2382","targetHints":{"allow":["GET"]}}],"collection":[{"href":"https:\/\/mehrin.cz\/de\/wp-json\/wp\/v2\/posts"}],"about":[{"href":"https:\/\/mehrin.cz\/de\/wp-json\/wp\/v2\/types\/post"}],"author":[{"embeddable":true,"href":"https:\/\/mehrin.cz\/de\/wp-json\/wp\/v2\/users\/1"}],"replies":[{"embeddable":true,"href":"https:\/\/mehrin.cz\/de\/wp-json\/wp\/v2\/comments?post=2382"}],"version-history":[{"count":4,"href":"https:\/\/mehrin.cz\/de\/wp-json\/wp\/v2\/posts\/2382\/revisions"}],"predecessor-version":[{"id":2389,"href":"https:\/\/mehrin.cz\/de\/wp-json\/wp\/v2\/posts\/2382\/revisions\/2389"}],"wp:featuredmedia":[{"embeddable":true,"href":"https:\/\/mehrin.cz\/de\/wp-json\/wp\/v2\/media\/2383"}],"wp:attachment":[{"href":"https:\/\/mehrin.cz\/de\/wp-json\/wp\/v2\/media?parent=2382"}],"wp:term":[{"taxonomy":"category","embeddable":true,"href":"https:\/\/mehrin.cz\/de\/wp-json\/wp\/v2\/categories?post=2382"},{"taxonomy":"post_tag","embeddable":true,"href":"https:\/\/mehrin.cz\/de\/wp-json\/wp\/v2\/tags?post=2382"}],"curies":[{"name":"wp","href":"https:\/\/api.w.org\/{rel}","templated":true}]}}