{"id":2367,"date":"2024-10-28T09:46:52","date_gmt":"2024-10-28T08:46:52","guid":{"rendered":"https:\/\/mehrin.cz\/?p=2367"},"modified":"2025-02-28T10:21:11","modified_gmt":"2025-02-28T09:21:11","slug":"pavel-kosatik-podnikani-pod-davidovou-hvezdou","status":"publish","type":"post","link":"https:\/\/mehrin.cz\/de\/2024\/10\/28\/pavel-kosatik-podnikani-pod-davidovou-hvezdou\/","title":{"rendered":"Pavel Kosat\u00edk: Unternehmertum im Zeichen des Davidsterns"},"content":{"rendered":"<div data-elementor-type=\"wp-post\" data-elementor-id=\"2367\" class=\"elementor elementor-2367\" data-elementor-settings=\"{&quot;ha_cmc_init_switcher&quot;:&quot;no&quot;}\" data-elementor-post-type=\"post\">\n\t\t\t\t\t\t<section class=\"elementor-section elementor-top-section elementor-element elementor-element-44002248 elementor-section-boxed elementor-section-height-default elementor-section-height-default\" data-id=\"44002248\" data-element_type=\"section\" data-e-type=\"section\" data-settings=\"{&quot;_ha_eqh_enable&quot;:false}\">\n\t\t\t\t\t\t<div class=\"elementor-container elementor-column-gap-default\">\n\t\t\t\t\t<div class=\"elementor-column elementor-col-100 elementor-top-column elementor-element elementor-element-5b923e59\" data-id=\"5b923e59\" data-element_type=\"column\" data-e-type=\"column\">\n\t\t\t<div class=\"elementor-widget-wrap elementor-element-populated\">\n\t\t\t\t\t\t<div class=\"elementor-element elementor-element-6314411b elementor-widget elementor-widget-spacer\" data-id=\"6314411b\" data-element_type=\"widget\" data-e-type=\"widget\" data-widget_type=\"spacer.default\">\n\t\t\t\t<div class=\"elementor-widget-container\">\n\t\t\t\t\t\t\t<div class=\"elementor-spacer\">\n\t\t\t<div class=\"elementor-spacer-inner\"><\/div>\n\t\t<\/div>\n\t\t\t\t\t\t<\/div>\n\t\t\t\t<\/div>\n\t\t\t\t<div class=\"elementor-element elementor-element-52db205b elementor-widget elementor-widget-heading\" data-id=\"52db205b\" data-element_type=\"widget\" data-e-type=\"widget\" data-widget_type=\"heading.default\">\n\t\t\t\t<div class=\"elementor-widget-container\">\n\t\t\t\t\t<h2 class=\"elementor-heading-title elementor-size-default\">Pavel Kosat\u00edk: Unternehmertum im Zeichen des Davidsterns<\/h2>\t\t\t\t<\/div>\n\t\t\t\t<\/div>\n\t\t\t\t<div class=\"elementor-element elementor-element-2e814c7c elementor-widget elementor-widget-text-editor\" data-id=\"2e814c7c\" data-element_type=\"widget\" data-e-type=\"widget\" data-widget_type=\"text-editor.default\">\n\t\t\t\t<div class=\"elementor-widget-container\">\n\t\t\t\t\t\t\t\t\t<p>Donnerstag, 31. Oktober\u00a0<\/p>\t\t\t\t\t\t\t\t<\/div>\n\t\t\t\t<\/div>\n\t\t\t\t<section class=\"elementor-section elementor-inner-section elementor-element elementor-element-19075008 elementor-section-boxed elementor-section-height-default elementor-section-height-default\" data-id=\"19075008\" data-element_type=\"section\" data-e-type=\"section\" data-settings=\"{&quot;_ha_eqh_enable&quot;:false}\">\n\t\t\t\t\t\t<div class=\"elementor-container elementor-column-gap-default\">\n\t\t\t\t\t<div class=\"elementor-column elementor-col-50 elementor-inner-column elementor-element elementor-element-2c9d2ba5\" data-id=\"2c9d2ba5\" data-element_type=\"column\" data-e-type=\"column\">\n\t\t\t<div class=\"elementor-widget-wrap elementor-element-populated\">\n\t\t\t\t\t\t<div class=\"elementor-element elementor-element-51ef52ea elementor-widget elementor-widget-text-editor\" data-id=\"51ef52ea\" data-element_type=\"widget\" data-e-type=\"widget\" data-widget_type=\"text-editor.default\">\n\t\t\t\t<div class=\"elementor-widget-container\">\n\t\t\t\t\t\t\t\t\t<p>Am Donnerstag, dem 31. Oktober 2024, findet in einer der Br\u00fcnner Villen - der Villa L\u00f6w-Beer in der Drobn\u00e9ho-Stra\u00dfe - eine Pr\u00e4sentation des Buches von Pavel Kosatik mit dem Titel Unternehmertum unter Davids Stern statt. Wie der Titel des Buches andeutet, handelt es sich um eine Ausarbeitung der Lebensgeschichten j\u00fcdischer Familien, als nicht nur die Br\u00fcnner<br \/>Die Tugendhats und L\u00f6w-Beers, aber auch die Kolbens, Bondys und Petschks von Prag, die Poppers von Chrudim und andere trugen wesentlich zum industriellen Aufschwung und zur Verbreitung des Rufs der Ersten Republik bei. Diskussion<br \/>wurde von der Historikerin T\u00e1\u0148a Klementov\u00e1 geleitet. Wir danken dem Museum von Br\u00fcnn, das die historischen R\u00e4umlichkeiten der Villa zur Verf\u00fcgung gestellt hat und an der Organisation des gesamten Abends beteiligt war.<\/p>\t\t\t\t\t\t\t\t<\/div>\n\t\t\t\t<\/div>\n\t\t\t\t\t<\/div>\n\t\t<\/div>\n\t\t\t\t<div class=\"elementor-column elementor-col-50 elementor-inner-column elementor-element elementor-element-7022ed25\" data-id=\"7022ed25\" data-element_type=\"column\" data-e-type=\"column\">\n\t\t\t<div class=\"elementor-widget-wrap elementor-element-populated\">\n\t\t\t\t\t\t<div class=\"elementor-element elementor-element-a2915ec elementor-widget elementor-widget-image\" data-id=\"a2915ec\" data-element_type=\"widget\" data-e-type=\"widget\" data-widget_type=\"image.default\">\n\t\t\t\t<div class=\"elementor-widget-container\">\n\t\t\t\t\t\t\t\t\t\t\t\t\t\t\t<img fetchpriority=\"high\" decoding=\"async\" width=\"768\" height=\"576\" src=\"https:\/\/mehrin.cz\/wp-content\/uploads\/2025\/02\/Kosatik-scaled-1-768x576.jpg\" class=\"attachment-medium_large size-medium_large wp-image-2371\" alt=\"\" srcset=\"https:\/\/mehrin.cz\/wp-content\/uploads\/2025\/02\/Kosatik-scaled-1-768x576.jpg 768w, https:\/\/mehrin.cz\/wp-content\/uploads\/2025\/02\/Kosatik-scaled-1-300x225.jpg 300w, https:\/\/mehrin.cz\/wp-content\/uploads\/2025\/02\/Kosatik-scaled-1-1024x768.jpg 1024w, https:\/\/mehrin.cz\/wp-content\/uploads\/2025\/02\/Kosatik-scaled-1-1536x1152.jpg 1536w, https:\/\/mehrin.cz\/wp-content\/uploads\/2025\/02\/Kosatik-scaled-1-2048x1536.jpg 2048w, https:\/\/mehrin.cz\/wp-content\/uploads\/2025\/02\/Kosatik-scaled-1-16x12.jpg 16w\" sizes=\"(max-width: 768px) 100vw, 768px\" \/>\t\t\t\t\t\t\t\t\t\t\t\t\t\t\t<\/div>\n\t\t\t\t<\/div>\n\t\t\t\t\t<\/div>\n\t\t<\/div>\n\t\t\t\t\t<\/div>\n\t\t<\/section>\n\t\t\t\t<div class=\"elementor-element elementor-element-3ba562d4 elementor-widget elementor-widget-spacer\" data-id=\"3ba562d4\" data-element_type=\"widget\" data-e-type=\"widget\" data-widget_type=\"spacer.default\">\n\t\t\t\t<div class=\"elementor-widget-container\">\n\t\t\t\t\t\t\t<div class=\"elementor-spacer\">\n\t\t\t<div class=\"elementor-spacer-inner\"><\/div>\n\t\t<\/div>\n\t\t\t\t\t\t<\/div>\n\t\t\t\t<\/div>\n\t\t\t\t\t<\/div>\n\t\t<\/div>\n\t\t\t\t\t<\/div>\n\t\t<\/section>\n\t\t\t\t<\/div>","protected":false},"excerpt":{"rendered":"<p>Pavel Kosat\u00edk: Podnik\u00e1n\u00ed pod Davidovou hv\u011bzdou \u010dtvrtek 31. \u0159\u00edjna\u00a0 Na \u010dtvrtek 31. \u0159\u00edjna 2024 jsme napl\u00e1novali p\u0159edstaven\u00ed knihy Pavla Kosat\u00edka nazvan\u00e9 Podnik\u00e1n\u00ed pod Davidovou hv\u011bzdou do jedn\u00e9 z\u00a0brn\u011bnsk\u00fdch vil \u2013 vily L\u00f6w-Beer na Drobn\u00e9ho ulici. Jak ji\u017e s\u00e1m n\u00e1zev knihy napov\u00edd\u00e1, jde o zpracov\u00e1n\u00ed \u017eivotn\u00edch p\u0159\u00edb\u011bh\u016f \u017eidovsk\u00fdch rodin, kdy nejenom brn\u011bn\u0161t\u00edTugendhatov\u00e9 a L\u00f6w-Beerov\u00e9, ale i [&hellip;]<\/p>\n","protected":false},"author":1,"featured_media":2371,"comment_status":"closed","ping_status":"open","sticky":false,"template":"","format":"standard","meta":{"footnotes":""},"categories":[1],"tags":[],"class_list":["post-2367","post","type-post","status-publish","format-standard","has-post-thumbnail","hentry","category-nezarazene"],"_links":{"self":[{"href":"https:\/\/mehrin.cz\/de\/wp-json\/wp\/v2\/posts\/2367","targetHints":{"allow":["GET"]}}],"collection":[{"href":"https:\/\/mehrin.cz\/de\/wp-json\/wp\/v2\/posts"}],"about":[{"href":"https:\/\/mehrin.cz\/de\/wp-json\/wp\/v2\/types\/post"}],"author":[{"embeddable":true,"href":"https:\/\/mehrin.cz\/de\/wp-json\/wp\/v2\/users\/1"}],"replies":[{"embeddable":true,"href":"https:\/\/mehrin.cz\/de\/wp-json\/wp\/v2\/comments?post=2367"}],"version-history":[{"count":4,"href":"https:\/\/mehrin.cz\/de\/wp-json\/wp\/v2\/posts\/2367\/revisions"}],"predecessor-version":[{"id":2374,"href":"https:\/\/mehrin.cz\/de\/wp-json\/wp\/v2\/posts\/2367\/revisions\/2374"}],"wp:featuredmedia":[{"embeddable":true,"href":"https:\/\/mehrin.cz\/de\/wp-json\/wp\/v2\/media\/2371"}],"wp:attachment":[{"href":"https:\/\/mehrin.cz\/de\/wp-json\/wp\/v2\/media?parent=2367"}],"wp:term":[{"taxonomy":"category","embeddable":true,"href":"https:\/\/mehrin.cz\/de\/wp-json\/wp\/v2\/categories?post=2367"},{"taxonomy":"post_tag","embeddable":true,"href":"https:\/\/mehrin.cz\/de\/wp-json\/wp\/v2\/tags?post=2367"}],"curies":[{"name":"wp","href":"https:\/\/api.w.org\/{rel}","templated":true}]}}