{"id":230,"date":"2020-04-03T14:31:39","date_gmt":"2020-04-03T12:31:39","guid":{"rendered":"https:\/\/documentation-centre.org\/?p=230"},"modified":"2020-04-03T14:31:39","modified_gmt":"2020-04-03T12:31:39","slug":"zalozeni-nadacniho-fondu","status":"publish","type":"post","link":"https:\/\/mehrin.cz\/de\/2020\/04\/03\/zalozeni-nadacniho-fondu\/","title":{"rendered":"Stiftungsfonds eingerichtet"},"content":{"rendered":"<p>F\u00fcr den 30. M\u00e4rz war eine Pressekonferenz im Hotel Slavia angesetzt, an der alle f\u00fcnf Mitglieder des Stiftungsvorstands teilnehmen sollten. Jakub Kyn\u010dl sollte kommen und die Angelegenheit aus der Sicht des Architekten erl\u00e4utern, und V\u00edtek M\u00e1dr sollte Fotos machen. Hier wollten wir das Dokumentationszentrum der \u00d6ffentlichkeit vorstellen. Dann mussten wir uns zur ersten Sitzung des Vorstands treffen, der unter anderem die Aufgabe hatte, einige Formalit\u00e4ten zu erledigen, die Voraussetzung f\u00fcr die Eintragung des Stiftungsfonds in das Stiftungsregister sind, was wiederum notwendig ist, damit wir ein transparentes Konto einrichten k\u00f6nnen usw...<\/p>\n<p>Aber man denkt, plant und bereitet sich vor... und das Coronavirus wirft alles in den M\u00fclleimer. Die Pressekonferenz fiel komplett ins Wasser, und wir haben die Sitzung und die Abstimmung per Rollam, also \u00fcber das Internet, durchgef\u00fchrt. Senator Mikulas Bek wurde einstimmig zum ersten Vorsitzenden des Stiftungsvorstands gew\u00e4hlt. Ebenfalls einstimmig angenommen wurde die Satzung der Stiftung, die Sie <a href=\"https:\/\/mehrin.cz\/de\/statut-nadacniho-fondu-pro-zbudovani-a-provozovani-dokumentacniho-centra\/\" target=\"_blank\" rel=\"noopener noreferrer\">hier ansehen<\/a>.<\/p>\n<p>Wir haben ihn im April beim Notar Philip Schwarzenstein besiegelt.<\/p>\n<p><img fetchpriority=\"high\" decoding=\"async\" class=\"alignnone size-medium wp-image-364\" src=\"https:\/\/mehrin.web-lab.cz\/wp-content\/uploads\/2020\/04\/takto-jsme-uradovali-225x300.jpg\" alt=\"\" width=\"225\" height=\"300\" srcset=\"https:\/\/mehrin.cz\/wp-content\/uploads\/2020\/04\/takto-jsme-uradovali-225x300.jpg 225w, https:\/\/mehrin.cz\/wp-content\/uploads\/2020\/04\/takto-jsme-uradovali-600x800.jpg 600w, https:\/\/mehrin.cz\/wp-content\/uploads\/2020\/04\/takto-jsme-uradovali-768x1024.jpg 768w, https:\/\/mehrin.cz\/wp-content\/uploads\/2020\/04\/takto-jsme-uradovali-1152x1536.jpg 1152w, https:\/\/mehrin.cz\/wp-content\/uploads\/2020\/04\/takto-jsme-uradovali-9x12.jpg 9w, https:\/\/mehrin.cz\/wp-content\/uploads\/2020\/04\/takto-jsme-uradovali.jpg 1200w\" sizes=\"(max-width: 225px) 100vw, 225px\" \/><\/p>","protected":false},"excerpt":{"rendered":"<p>Na 30.3. jsme m\u011bli napl\u00e1novanou tiskovou konferenci v hotelu Slavia, za \u00fa\u010dasti v\u0161ech p\u011bti \u010dlen\u016f spr\u00e1vn\u00ed rady Nada\u010dn\u00edho fondu. Dorazit a popov\u00eddat o v\u011bci z pohledu architekta m\u011bl Jakub Kyn\u010dl, fotit to v\u0161echno m\u011bl V\u00edtek M\u00e1dr. Tady jsme cht\u011bli p\u0159edstavit Dokumenta\u010dn\u00ed centrum ve\u0159ejnosti. Pak jsme se m\u011bli sej\u00edt k prvn\u00ed sch\u016fzi spr\u00e1vn\u00ed rady, kter\u00e1 m\u011bla [&hellip;]<\/p>\n","protected":false},"author":1,"featured_media":364,"comment_status":"closed","ping_status":"closed","sticky":false,"template":"","format":"standard","meta":{"footnotes":""},"categories":[1],"tags":[],"class_list":["post-230","post","type-post","status-publish","format-standard","has-post-thumbnail","hentry","category-nezarazene"],"_links":{"self":[{"href":"https:\/\/mehrin.cz\/de\/wp-json\/wp\/v2\/posts\/230","targetHints":{"allow":["GET"]}}],"collection":[{"href":"https:\/\/mehrin.cz\/de\/wp-json\/wp\/v2\/posts"}],"about":[{"href":"https:\/\/mehrin.cz\/de\/wp-json\/wp\/v2\/types\/post"}],"author":[{"embeddable":true,"href":"https:\/\/mehrin.cz\/de\/wp-json\/wp\/v2\/users\/1"}],"replies":[{"embeddable":true,"href":"https:\/\/mehrin.cz\/de\/wp-json\/wp\/v2\/comments?post=230"}],"version-history":[{"count":0,"href":"https:\/\/mehrin.cz\/de\/wp-json\/wp\/v2\/posts\/230\/revisions"}],"wp:featuredmedia":[{"embeddable":true,"href":"https:\/\/mehrin.cz\/de\/wp-json\/wp\/v2\/media\/364"}],"wp:attachment":[{"href":"https:\/\/mehrin.cz\/de\/wp-json\/wp\/v2\/media?parent=230"}],"wp:term":[{"taxonomy":"category","embeddable":true,"href":"https:\/\/mehrin.cz\/de\/wp-json\/wp\/v2\/categories?post=230"},{"taxonomy":"post_tag","embeddable":true,"href":"https:\/\/mehrin.cz\/de\/wp-json\/wp\/v2\/tags?post=230"}],"curies":[{"name":"wp","href":"https:\/\/api.w.org\/{rel}","templated":true}]}}