{"id":2186,"date":"2024-03-10T09:24:09","date_gmt":"2024-03-10T08:24:09","guid":{"rendered":"https:\/\/mehrin.cz\/?p=2186"},"modified":"2024-04-23T18:12:12","modified_gmt":"2024-04-23T16:12:12","slug":"david-placzek-pameti","status":"publish","type":"post","link":"https:\/\/mehrin.cz\/de\/2024\/03\/10\/david-placzek-pameti\/","title":{"rendered":"David Placzek: Memoiren"},"content":{"rendered":"<div data-elementor-type=\"wp-post\" data-elementor-id=\"2186\" class=\"elementor elementor-2186\" data-elementor-settings=\"{&quot;ha_cmc_init_switcher&quot;:&quot;no&quot;}\" data-elementor-post-type=\"post\">\n\t\t\t\t<div class=\"elementor-element elementor-element-013ffd0 e-flex e-con-boxed e-con e-parent\" data-id=\"013ffd0\" data-element_type=\"container\" data-e-type=\"container\" data-settings=\"{&quot;_ha_eqh_enable&quot;:false}\">\n\t\t\t\t\t<div class=\"e-con-inner\">\n\t\t\t\t<div class=\"elementor-element elementor-element-00cdbec elementor-widget elementor-widget-spacer\" data-id=\"00cdbec\" data-element_type=\"widget\" data-e-type=\"widget\" data-widget_type=\"spacer.default\">\n\t\t\t\t<div class=\"elementor-widget-container\">\n\t\t\t\t\t\t\t<div class=\"elementor-spacer\">\n\t\t\t<div class=\"elementor-spacer-inner\"><\/div>\n\t\t<\/div>\n\t\t\t\t\t\t<\/div>\n\t\t\t\t<\/div>\n\t\t\t\t<div class=\"elementor-element elementor-element-224410b elementor-widget elementor-widget-heading\" data-id=\"224410b\" data-element_type=\"widget\" data-e-type=\"widget\" data-widget_type=\"heading.default\">\n\t\t\t\t<div class=\"elementor-widget-container\">\n\t\t\t\t\t<h1 class=\"elementor-heading-title elementor-size-default\">David Placzek: Memoiren<\/h1>\t\t\t\t<\/div>\n\t\t\t\t<\/div>\n\t\t\t\t<div class=\"elementor-element elementor-element-0e13a83 elementor-widget elementor-widget-spacer\" data-id=\"0e13a83\" data-element_type=\"widget\" data-e-type=\"widget\" data-widget_type=\"spacer.default\">\n\t\t\t\t<div class=\"elementor-widget-container\">\n\t\t\t\t\t\t\t<div class=\"elementor-spacer\">\n\t\t\t<div class=\"elementor-spacer-inner\"><\/div>\n\t\t<\/div>\n\t\t\t\t\t\t<\/div>\n\t\t\t\t<\/div>\n\t\t<div class=\"elementor-element elementor-element-456d361 e-flex e-con-boxed e-con e-child\" data-id=\"456d361\" data-element_type=\"container\" data-e-type=\"container\" data-settings=\"{&quot;_ha_eqh_enable&quot;:false}\">\n\t\t\t\t\t<div class=\"e-con-inner\">\n\t\t<div class=\"elementor-element elementor-element-2edded0 e-flex e-con-boxed e-con e-child\" data-id=\"2edded0\" data-element_type=\"container\" data-e-type=\"container\" data-settings=\"{&quot;_ha_eqh_enable&quot;:false}\">\n\t\t\t\t\t<div class=\"e-con-inner\">\n\t\t\t\t<div class=\"elementor-element elementor-element-b35761f elementor-widget elementor-widget-text-editor\" data-id=\"b35761f\" data-element_type=\"widget\" data-e-type=\"widget\" data-widget_type=\"text-editor.default\">\n\t\t\t\t<div class=\"elementor-widget-container\">\n\t\t\t\t\t\t\t\t\t<p>Neben dem Buch Mehrin, das die Ereignisse der vierj\u00e4hrigen Vorbereitungszeit zusammenfasst, k\u00f6nnen wir mit Sicherheit sagen, dass der erste in der Mehrin-Reihe ver\u00f6ffentlichte Titel das Buch Memoiren von David Placzek ist. Wir haben es am 26. Juni 2023 im Caf\u00e9 Kapr\u00e1l, einem unkonventionellen Ort in Br\u00fcnn, der auch mit der j\u00fcdischen Geschichte verwoben ist, offiziell vorgestellt. Eine gro\u00dfe Freude war f\u00fcr uns die pers\u00f6nliche Teilnahme von David Placzeks Nichte, Frau Rachel Alon, die ma\u00dfgeblich an der englischen Ausgabe dieses Buches im Jahr 2016 in Israel beteiligt war. Das Buch kann im Maly Mehrin Museum in der Wiener Stra\u00dfe 14 erworben werden, weitere Informationen \u00fcber das Buch unter <a href=\"https:\/\/www.druhemesto.cz\/kniha\/pameti-edice-mehrin\" target=\"_blank\" rel=\"noopener\">https:\/\/www.druhemesto.cz\/kniha\/pameti-edice-mehrin<\/a>.<\/p>\t\t\t\t\t\t\t\t<\/div>\n\t\t\t\t<\/div>\n\t\t\t\t\t<\/div>\n\t\t\t\t<\/div>\n\t\t<div class=\"elementor-element elementor-element-1d185e9 e-flex e-con-boxed e-con e-child\" data-id=\"1d185e9\" data-element_type=\"container\" data-e-type=\"container\" data-settings=\"{&quot;_ha_eqh_enable&quot;:false}\">\n\t\t\t\t\t<div class=\"e-con-inner\">\n\t\t\t\t<div class=\"elementor-element elementor-element-ab9963e elementor-widget elementor-widget-image\" data-id=\"ab9963e\" data-element_type=\"widget\" data-e-type=\"widget\" data-widget_type=\"image.default\">\n\t\t\t\t<div class=\"elementor-widget-container\">\n\t\t\t\t\t\t\t\t\t\t\t\t\t\t\t<img fetchpriority=\"high\" decoding=\"async\" width=\"631\" height=\"356\" src=\"https:\/\/mehrin.cz\/wp-content\/uploads\/2024\/03\/Obalka-Placzek-e1713888724971.jpg\" class=\"attachment-large size-large wp-image-2188\" alt=\"\" srcset=\"https:\/\/mehrin.cz\/wp-content\/uploads\/2024\/03\/Obalka-Placzek-e1713888724971.jpg 631w, https:\/\/mehrin.cz\/wp-content\/uploads\/2024\/03\/Obalka-Placzek-e1713888724971-300x169.jpg 300w, https:\/\/mehrin.cz\/wp-content\/uploads\/2024\/03\/Obalka-Placzek-e1713888724971-18x10.jpg 18w\" sizes=\"(max-width: 631px) 100vw, 631px\" \/>\t\t\t\t\t\t\t\t\t\t\t\t\t\t\t<\/div>\n\t\t\t\t<\/div>\n\t\t\t\t\t<\/div>\n\t\t\t\t<\/div>\n\t\t\t\t\t<\/div>\n\t\t\t\t<\/div>\n\t\t\t\t\t<\/div>\n\t\t\t\t<\/div>\n\t\t\t\t<\/div>","protected":false},"excerpt":{"rendered":"<p>Abgesehen von dem Buch Mehrin, das die Ereignisse der vierj\u00e4hrigen Vorbereitungszeit zusammenfasst, k\u00f6nnen wir mit Sicherheit sagen, dass der erste Titel, der in der Mehrin-Reihe ver\u00f6ffentlicht wurde, das Buch Memoiren von David Placzek ist. <\/p>","protected":false},"author":1,"featured_media":2188,"comment_status":"closed","ping_status":"open","sticky":false,"template":"elementor_header_footer","format":"standard","meta":{"footnotes":""},"categories":[1],"tags":[],"class_list":["post-2186","post","type-post","status-publish","format-standard","has-post-thumbnail","hentry","category-nezarazene"],"_links":{"self":[{"href":"https:\/\/mehrin.cz\/de\/wp-json\/wp\/v2\/posts\/2186","targetHints":{"allow":["GET"]}}],"collection":[{"href":"https:\/\/mehrin.cz\/de\/wp-json\/wp\/v2\/posts"}],"about":[{"href":"https:\/\/mehrin.cz\/de\/wp-json\/wp\/v2\/types\/post"}],"author":[{"embeddable":true,"href":"https:\/\/mehrin.cz\/de\/wp-json\/wp\/v2\/users\/1"}],"replies":[{"embeddable":true,"href":"https:\/\/mehrin.cz\/de\/wp-json\/wp\/v2\/comments?post=2186"}],"version-history":[{"count":5,"href":"https:\/\/mehrin.cz\/de\/wp-json\/wp\/v2\/posts\/2186\/revisions"}],"predecessor-version":[{"id":2255,"href":"https:\/\/mehrin.cz\/de\/wp-json\/wp\/v2\/posts\/2186\/revisions\/2255"}],"wp:featuredmedia":[{"embeddable":true,"href":"https:\/\/mehrin.cz\/de\/wp-json\/wp\/v2\/media\/2188"}],"wp:attachment":[{"href":"https:\/\/mehrin.cz\/de\/wp-json\/wp\/v2\/media?parent=2186"}],"wp:term":[{"taxonomy":"category","embeddable":true,"href":"https:\/\/mehrin.cz\/de\/wp-json\/wp\/v2\/categories?post=2186"},{"taxonomy":"post_tag","embeddable":true,"href":"https:\/\/mehrin.cz\/de\/wp-json\/wp\/v2\/tags?post=2186"}],"curies":[{"name":"wp","href":"https:\/\/api.w.org\/{rel}","templated":true}]}}