{"id":1203,"date":"2023-04-25T21:54:17","date_gmt":"2023-04-25T19:54:17","guid":{"rendered":"https:\/\/mehrin.cz\/?p=1203"},"modified":"2023-04-25T21:54:17","modified_gmt":"2023-04-25T19:54:17","slug":"maly-mehrin","status":"publish","type":"post","link":"https:\/\/mehrin.cz\/de\/2023\/04\/25\/maly-mehrin\/","title":{"rendered":"KLEINE MEHRIN"},"content":{"rendered":"<p>Das Projekt, das J\u00fcdische Museum M\u00e4hren in der Form zu bauen, von der wir vor vier Jahren getr\u00e4umt haben, kommt gut voran. Wir haben einen gro\u00dfartigen Entwurf des japanischen Architekten Kengo Kuma f\u00fcr ein neues Geb\u00e4ude, aber wir wollen nicht warten, bis das neue Geb\u00e4ude gebaut ist und seine ersten Besucher empf\u00e4ngt.<\/p>\n<p>Aus diesem Grund haben wir am 28. Februar das \"tempor\u00e4re\" Museum Mal\u00fd Mehrin in der V\u00edde\u0148sk\u00e1 14 er\u00f6ffnet.<\/p>\n<p>An der Er\u00f6ffnungsfeier nahmen die B\u00fcrgermeisterin von Br\u00fcnn, Mark\u00e9ta Va\u0148kov\u00e1, aber auch der Dramatiker Milan Uhde, einer der letzten \u00dcberlebenden des Holocausts, Karel Ellinger, und nat\u00fcrlich der Autor der ersten Ausstellung unseres Museums, der Dokumentarfilmer Martin \u0160mok, teil.<\/p>\n<p>Nur zwei Tage sp\u00fdter konnten wir die amerikanische Schriftstellerin Kathi Diamant, die ein wunderbares Buch \u00fdber Franz Kafkas letzte Liebe Dora Diamant geschrieben hat, im Mal\u00fd Mehrin begr\u00fd\u00fden.\u00fd Mehr \u00fdber das Mal\u00fd Mehrin erfahren Sie auf der eigenen Website. <a href=\"http:\/\/www.malymehrin.cz\">www.malymehrin.cz<\/a>.<\/p>\n<p><img fetchpriority=\"high\" decoding=\"async\" class=\"size-medium wp-image-1204 alignleft\" src=\"https:\/\/mehrin.web-lab.cz\/wp-content\/uploads\/2023\/04\/2023-02-28-79360-s7-300x200.jpg\" alt=\"\" width=\"300\" height=\"200\" srcset=\"https:\/\/mehrin.cz\/wp-content\/uploads\/2023\/04\/2023-02-28-79360-s7-300x200.jpg 300w, https:\/\/mehrin.cz\/wp-content\/uploads\/2023\/04\/2023-02-28-79360-s7-600x400.jpg 600w, https:\/\/mehrin.cz\/wp-content\/uploads\/2023\/04\/2023-02-28-79360-s7-1024x683.jpg 1024w, https:\/\/mehrin.cz\/wp-content\/uploads\/2023\/04\/2023-02-28-79360-s7-768x512.jpg 768w, https:\/\/mehrin.cz\/wp-content\/uploads\/2023\/04\/2023-02-28-79360-s7-1536x1025.jpg 1536w, https:\/\/mehrin.cz\/wp-content\/uploads\/2023\/04\/2023-02-28-79360-s7-18x12.jpg 18w, https:\/\/mehrin.cz\/wp-content\/uploads\/2023\/04\/2023-02-28-79360-s7.jpg 2048w\" sizes=\"(max-width: 300px) 100vw, 300px\" \/><\/p>","protected":false},"excerpt":{"rendered":"<p>Projekt zbudov\u00e1n\u00ed Moravsk\u00e9ho \u017eidovsk\u00e9ho muzea v\u00a0podob\u011b, jakou jsme si p\u0159ed \u010dty\u0159mi roky vysnili, zd\u00e1rn\u011b pokra\u010duje. M\u00e1me skv\u011bl\u00fd n\u00e1vrh nov\u00e9 budovy od japonsk\u00e9ho architekta Kengo Kumy, ale nechceme \u010dekat, ne\u017e se nov\u00fd d\u016fm postav\u00ed a p\u0159iv\u00edt\u00e1 prvn\u00ed n\u00e1v\u0161t\u011bvn\u00edky. Proto jsme 28.2. otev\u0159eli \u201eprozat\u00edmn\u00ed\u201c muzeum Mal\u00fd Mehrin na V\u00edde\u0148sk\u00e9 14. Slavnostn\u00edho zah\u00e1jen\u00ed se z\u00fa\u010dastnila brn\u011bnsk\u00e1 prim\u00e1torka Mark\u00e9ta [&hellip;]<\/p>\n","protected":false},"author":1,"featured_media":1204,"comment_status":"closed","ping_status":"closed","sticky":false,"template":"","format":"standard","meta":{"footnotes":""},"categories":[1],"tags":[],"class_list":["post-1203","post","type-post","status-publish","format-standard","has-post-thumbnail","hentry","category-nezarazene"],"_links":{"self":[{"href":"https:\/\/mehrin.cz\/de\/wp-json\/wp\/v2\/posts\/1203","targetHints":{"allow":["GET"]}}],"collection":[{"href":"https:\/\/mehrin.cz\/de\/wp-json\/wp\/v2\/posts"}],"about":[{"href":"https:\/\/mehrin.cz\/de\/wp-json\/wp\/v2\/types\/post"}],"author":[{"embeddable":true,"href":"https:\/\/mehrin.cz\/de\/wp-json\/wp\/v2\/users\/1"}],"replies":[{"embeddable":true,"href":"https:\/\/mehrin.cz\/de\/wp-json\/wp\/v2\/comments?post=1203"}],"version-history":[{"count":0,"href":"https:\/\/mehrin.cz\/de\/wp-json\/wp\/v2\/posts\/1203\/revisions"}],"wp:featuredmedia":[{"embeddable":true,"href":"https:\/\/mehrin.cz\/de\/wp-json\/wp\/v2\/media\/1204"}],"wp:attachment":[{"href":"https:\/\/mehrin.cz\/de\/wp-json\/wp\/v2\/media?parent=1203"}],"wp:term":[{"taxonomy":"category","embeddable":true,"href":"https:\/\/mehrin.cz\/de\/wp-json\/wp\/v2\/categories?post=1203"},{"taxonomy":"post_tag","embeddable":true,"href":"https:\/\/mehrin.cz\/de\/wp-json\/wp\/v2\/tags?post=1203"}],"curies":[{"name":"wp","href":"https:\/\/api.w.org\/{rel}","templated":true}]}}